{"id":83924,"date":"2015-08-20T13:01:22","date_gmt":"2015-08-20T11:01:22","guid":{"rendered":"https:\/\/admin.skatedeluxe.de\/blog\/?p=83924"},"modified":"2017-01-20T15:06:57","modified_gmt":"2017-01-20T14:06:57","slug":"collapse-skateboards-fete-ses-4-ans","status":"publish","type":"post","link":"https:\/\/skatedeluxe.com\/blog\/fr\/collapse-skateboards-fete-ses-4-ans\/","title":{"rendered":"Collapse skateboards f\u00eate ses 4 ans !"},"content":{"rendered":"<div class=\"medium-10 large-12 medium-centered columns\">\r\n<p align=\"justify\">\r\n<strong>\r\nLa marque fran\u00e7aise de skateboard Collapse skateboards a 4 ans et elle vient de f\u00eater cela comme il se doit. \r\n<\/strong>\r\n<\/p>\r\n<div class=\"flex-video\">\r\n<iframe width=\"560\" height=\"315\" data-src=\"https:\/\/www.youtube-nocookie.com\/embed\/K-aMzfMrqu0\" frameborder=\"0\" allowfullscreen allow=\"autoplay; encrypted-media\"><\/iframe><noscript><iframe loading=\"lazy\" width=\"560\" height=\"315\" src=\"https:\/\/www.youtube-nocookie.com\/embed\/K-aMzfMrqu0\" frameborder=\"0\" allowfullscreen allow=\"autoplay; encrypted-media\"><\/iframe><\/noscript>\r\n<\/div>\r\n<p align=\"justify\">\r\nC\u2019est le 12 aout dernier \u00e0 la place des Landais, spot historique pour les skateurs de la r\u00e9gion d\u2019Hossegor qu\u2019a eu lieu l\u2019\u00e9v\u00e9nement avec une aire de street et de nombreux riders tous aussi motiv\u00e9s les uns que les autres : Seb Simon, Bastien Marlin, J\u00e9r\u00e9mie Plisson, Uryann Baudet, Marca Barbier, Oscar Candon, Aur\u00e9lien Giraud, Robin Bollian, Georges Poole, Adrien Coillard, Adrien Bullard, teamrider cOLLAPSe Matt D\u00e9bauch\u00e9, Victor Pellegrin\u2026 \r\n<\/p>\r\n<p align=\"justify\">\r\nIls \u00e9taient 25 invit\u00e9s \u00e0 venir se faire plaisir sur un spot 100% street, les 5 marches situ\u00e9es au centre de la place de Landais ayant \u00e9t\u00e9 agr\u00e9ment\u00e9es pour l&#8217;occasion d&#8217;un rail et de deux murets offrant aux skateurs le spot id\u00e9al pour\ty effectuer leurs meilleurs tricks. Beaucoup de tricks, une superbe ambiance et une vid\u00e9o recap \u00e0 voir sans plus attendre. \r\n<\/p>\r\n<p align=\"justify\">\r\nR\u00e9sultats:\r\n\t<ol>\r\n<li>Vincent Milou &#8211; Saubrigues &#8211; 800\u20ac<\/li>\r\n\t<li>Victor Pellegrin &#8211; Lyon &#8211; 500\u20ac<\/li>\r\n\t<li>Matt D\u00e9bauch\u00e9 &#8211; Anglet &#8211; 300\u20ac<\/li>\r\n<\/ol>\r\n<\/p>\r\n<p align=\"justify\">\r\nEncore bon anniversaire \u00e0 Collapse skateboards, et longue vie !\r\n<\/p>\r\n<\/div><div class=\"ShariffSC\" style=\"shariff-shop\"><div class=\"shariff\" data-url=\"https:\/\/skatedeluxe.com\/blog\/fr\/collapse-skateboards-fete-ses-4-ans\/\" data-title=\"Collapse skateboards f\u00eate ses 4 ans !\" data-services='[\"facebooklike\", \"facebook\"]' data-backend-url='\/shariff\/'><\/div><\/div>","protected":false},"excerpt":{"rendered":"<p>La marque fran\u00e7aise de skateboard Collapse skateboards a 4 ans et elle vient de f\u00eater cela comme il se doit. C\u2019est le 12 aout dernier \u00e0 la place des Landais, spot historique pour les skateurs de la r\u00e9gion d\u2019Hossegor qu\u2019a eu lieu l\u2019\u00e9v\u00e9nement avec une aire de street et de nombreux riders tous aussi motiv\u00e9s <a class=\"read-more\" href=\"https:\/\/skatedeluxe.com\/blog\/fr\/collapse-skateboards-fete-ses-4-ans\/\">[&#8230;]<\/a><\/p>\n","protected":false},"author":44,"featured_media":83926,"comment_status":"open","ping_status":"closed","sticky":false,"template":"","format":"standard","meta":{"footnotes":""},"categories":[3333,5794],"tags":[4094,5804,5797,4206,4205,4204,4203,4202,4113,2211,4093,4090,4081,3935,3520,3245,3029],"class_list":["post-83924","post","type-post","status-publish","format-standard","has-post-thumbnail","hentry","category-skateboard-fr","category-news-skate-team","tag-marca-barbier","tag-matt-debauche-fr","tag-skatedeluxe-skate-team-fr","tag-adrien-bullard","tag-robin-bollian","tag-uryann-baudet","tag-jeremie-plisson","tag-collapse-skateboards","tag-victor-pellegrin","tag-seb-simon","tag-georges-poole","tag-collapse","tag-bastien-marlin","tag-matt-debauche","tag-adrien-coillard","tag-aurelien-giraud","tag-oscar-candon"],"aioseo_notices":[],"amp_enabled":true,"_links":{"self":[{"href":"https:\/\/skatedeluxe.com\/blog\/fr\/wp-json\/wp\/v2\/posts\/83924","targetHints":{"allow":["GET"]}}],"collection":[{"href":"https:\/\/skatedeluxe.com\/blog\/fr\/wp-json\/wp\/v2\/posts"}],"about":[{"href":"https:\/\/skatedeluxe.com\/blog\/fr\/wp-json\/wp\/v2\/types\/post"}],"author":[{"embeddable":true,"href":"https:\/\/skatedeluxe.com\/blog\/fr\/wp-json\/wp\/v2\/users\/44"}],"replies":[{"embeddable":true,"href":"https:\/\/skatedeluxe.com\/blog\/fr\/wp-json\/wp\/v2\/comments?post=83924"}],"version-history":[{"count":6,"href":"https:\/\/skatedeluxe.com\/blog\/fr\/wp-json\/wp\/v2\/posts\/83924\/revisions"}],"predecessor-version":[{"id":84012,"href":"https:\/\/skatedeluxe.com\/blog\/fr\/wp-json\/wp\/v2\/posts\/83924\/revisions\/84012"}],"wp:featuredmedia":[{"embeddable":true,"href":"https:\/\/skatedeluxe.com\/blog\/fr\/wp-json\/wp\/v2\/media\/83926"}],"wp:attachment":[{"href":"https:\/\/skatedeluxe.com\/blog\/fr\/wp-json\/wp\/v2\/media?parent=83924"}],"wp:term":[{"taxonomy":"category","embeddable":true,"href":"https:\/\/skatedeluxe.com\/blog\/fr\/wp-json\/wp\/v2\/categories?post=83924"},{"taxonomy":"post_tag","embeddable":true,"href":"https:\/\/skatedeluxe.com\/blog\/fr\/wp-json\/wp\/v2\/tags?post=83924"}],"curies":[{"name":"wp","href":"https:\/\/api.w.org\/{rel}","templated":true}]}}